{"id":15339,"date":"2025-04-08T15:24:09","date_gmt":"2025-04-08T15:24:09","guid":{"rendered":"https:\/\/mentara.eu\/?p=15339"},"modified":"2025-04-09T21:57:25","modified_gmt":"2025-04-09T21:57:25","slug":"maria-del-mar-eleita-vice-presidente-da-eaip","status":"publish","type":"post","link":"https:\/\/mentara.eu\/en\/maria-del-mar-eleita-vice-presidente-da-eaip\/","title":{"rendered":"Maria Del Mar elected vice-president of EAIP"},"content":{"rendered":"<p>On February 28th, the <em>European Association for Integrative Psychotherapy<\/em> celebrated an important milestone in its history by unanimously electing Maria del Mar as the association\u2019s new vice-president. The ceremony, marked by an atmosphere of enthusiasm and recognition, reinforced the organization\u2019s commitment to excellence and innovation in the field of integrative psychotherapy.<\/p>\n<h2>Maria del Mar&#039;s election as vice president was unanimous.<\/h2>\n<p>Maria del Mar stood out during the vote not only for her competence and experience in the field, but also for her commitment to promoting therapeutic practices that integrate diverse approaches. Her professional background and dedication to the cause were decisive in gaining the support of the members present, reflecting the trust placed in her leadership.<\/p>\n<p>The unanimous choice highlights<strong><em>\u00a0<\/em><\/strong>the alignment of a shared vision of all EAIP members for the future of integrative psychotherapy in Europe. With the new vice-presidency, the expectation is that the entity will continue to expand its initiatives, strengthening partnerships and promoting an environment of constant exchange of knowledge and innovation.<\/p>","protected":false},"excerpt":{"rendered":"<p>No dia 28 de fevereiro, a European Association for Integrative Psychotherapy celebrou um marco importante na sua hist\u00f3ria ao eleger, por vota\u00e7\u00e3o e de forma un\u00e2nime, Maria del Mar como nova vice-presidente da associa\u00e7\u00e3o. A cerim\u00f3nia, marcada por um clima de entusiasmo e reconhecimento, refor\u00e7ou o compromisso da organiza\u00e7\u00e3o com a excel\u00eancia e a inova\u00e7\u00e3o [&hellip;]<\/p>\n","protected":false},"author":9,"featured_media":15358,"comment_status":"open","ping_status":"open","sticky":false,"template":"","format":"standard","meta":{"_acf_changed":false,"footnotes":""},"categories":[1],"tags":[],"class_list":["post-15339","post","type-post","status-publish","format-standard","has-post-thumbnail","hentry","category-psicoterapia-somatica"],"acf":[],"_links":{"self":[{"href":"https:\/\/mentara.eu\/en\/wp-json\/wp\/v2\/posts\/15339","targetHints":{"allow":["GET"]}}],"collection":[{"href":"https:\/\/mentara.eu\/en\/wp-json\/wp\/v2\/posts"}],"about":[{"href":"https:\/\/mentara.eu\/en\/wp-json\/wp\/v2\/types\/post"}],"author":[{"embeddable":true,"href":"https:\/\/mentara.eu\/en\/wp-json\/wp\/v2\/users\/9"}],"replies":[{"embeddable":true,"href":"https:\/\/mentara.eu\/en\/wp-json\/wp\/v2\/comments?post=15339"}],"version-history":[{"count":0,"href":"https:\/\/mentara.eu\/en\/wp-json\/wp\/v2\/posts\/15339\/revisions"}],"wp:featuredmedia":[{"embeddable":true,"href":"https:\/\/mentara.eu\/en\/wp-json\/wp\/v2\/media\/15358"}],"wp:attachment":[{"href":"https:\/\/mentara.eu\/en\/wp-json\/wp\/v2\/media?parent=15339"}],"wp:term":[{"taxonomy":"category","embeddable":true,"href":"https:\/\/mentara.eu\/en\/wp-json\/wp\/v2\/categories?post=15339"},{"taxonomy":"post_tag","embeddable":true,"href":"https:\/\/mentara.eu\/en\/wp-json\/wp\/v2\/tags?post=15339"}],"curies":[{"name":"wp","href":"https:\/\/api.w.org\/{rel}","templated":true}]}}