{"id":15339,"date":"2025-04-08T15:24:09","date_gmt":"2025-04-08T15:24:09","guid":{"rendered":"https:\/\/mentara.eu\/?p=15339"},"modified":"2025-04-09T21:57:25","modified_gmt":"2025-04-09T21:57:25","slug":"maria-del-mar-eleita-vice-presidente-da-eaip","status":"publish","type":"post","link":"https:\/\/mentara.eu\/es\/maria-del-mar-eleita-vice-presidente-da-eaip\/","title":{"rendered":"Mar\u00eda Del Mar elegida vicepresidenta de EAIP"},"content":{"rendered":"<p>El 28 de febrero, el <em>Asociaci\u00f3n Europea de Psicoterapia Integrativa<\/em> celebr\u00f3 un hito importante en su historia al elegir por unanimidad a Mar\u00eda del Mar como nueva vicepresidenta de la asociaci\u00f3n. La ceremonia, marcada por un ambiente de entusiasmo y reconocimiento, reforz\u00f3 el compromiso de la organizaci\u00f3n con la excelencia y la innovaci\u00f3n en el campo de la psicoterapia integrativa.<\/p>\n<h2>La elecci\u00f3n de Mar\u00eda del Mar como vicepresidenta fue un\u00e1nime.<\/h2>\n<p>Mar\u00eda del Mar destac\u00f3 durante la votaci\u00f3n no s\u00f3lo por su competencia y experiencia en el \u00e1rea, sino tambi\u00e9n por su compromiso en promover pr\u00e1cticas terap\u00e9uticas que integren diferentes enfoques. Su trayectoria profesional y su dedicaci\u00f3n a la causa fueron determinantes para conseguir el apoyo de los asociados presentes, reflejando la confianza depositada en su liderazgo.<\/p>\n<p>La elecci\u00f3n un\u00e1nime destaca<strong><em>\u00a0<\/em><\/strong>la alineaci\u00f3n de una visi\u00f3n compartida de todos los miembros de la EAIP para el futuro de la psicoterapia integrativa en Europa. Con la nueva vicepresidencia, la expectativa es que la entidad contin\u00fae ampliando sus iniciativas, fortaleciendo alianzas y promoviendo un ambiente de intercambio constante de conocimiento e innovaci\u00f3n.<\/p>","protected":false},"excerpt":{"rendered":"<p>No dia 28 de fevereiro, a European Association for Integrative Psychotherapy celebrou um marco importante na sua hist\u00f3ria ao eleger, por vota\u00e7\u00e3o e de forma un\u00e2nime, Maria del Mar como nova vice-presidente da associa\u00e7\u00e3o. A cerim\u00f3nia, marcada por um clima de entusiasmo e reconhecimento, refor\u00e7ou o compromisso da organiza\u00e7\u00e3o com a excel\u00eancia e a inova\u00e7\u00e3o [&hellip;]<\/p>\n","protected":false},"author":9,"featured_media":15358,"comment_status":"open","ping_status":"open","sticky":false,"template":"","format":"standard","meta":{"_acf_changed":false,"footnotes":""},"categories":[1],"tags":[],"class_list":["post-15339","post","type-post","status-publish","format-standard","has-post-thumbnail","hentry","category-psicoterapia-somatica"],"acf":[],"_links":{"self":[{"href":"https:\/\/mentara.eu\/es\/wp-json\/wp\/v2\/posts\/15339","targetHints":{"allow":["GET"]}}],"collection":[{"href":"https:\/\/mentara.eu\/es\/wp-json\/wp\/v2\/posts"}],"about":[{"href":"https:\/\/mentara.eu\/es\/wp-json\/wp\/v2\/types\/post"}],"author":[{"embeddable":true,"href":"https:\/\/mentara.eu\/es\/wp-json\/wp\/v2\/users\/9"}],"replies":[{"embeddable":true,"href":"https:\/\/mentara.eu\/es\/wp-json\/wp\/v2\/comments?post=15339"}],"version-history":[{"count":0,"href":"https:\/\/mentara.eu\/es\/wp-json\/wp\/v2\/posts\/15339\/revisions"}],"wp:featuredmedia":[{"embeddable":true,"href":"https:\/\/mentara.eu\/es\/wp-json\/wp\/v2\/media\/15358"}],"wp:attachment":[{"href":"https:\/\/mentara.eu\/es\/wp-json\/wp\/v2\/media?parent=15339"}],"wp:term":[{"taxonomy":"category","embeddable":true,"href":"https:\/\/mentara.eu\/es\/wp-json\/wp\/v2\/categories?post=15339"},{"taxonomy":"post_tag","embeddable":true,"href":"https:\/\/mentara.eu\/es\/wp-json\/wp\/v2\/tags?post=15339"}],"curies":[{"name":"gracias","href":"https:\/\/api.w.org\/{rel}","templated":true}]}}