{"id":1741,"date":"2021-01-19T10:30:43","date_gmt":"2021-01-19T10:30:43","guid":{"rendered":"https:\/\/preview.tutorlms.com\/starter\/?p=1716"},"modified":"2024-12-29T21:37:35","modified_gmt":"2024-12-29T21:37:35","slug":"por-que-a-psicoterapia-somatica-e-uma-resposta-completa-para-o-bem-estar","status":"publish","type":"post","link":"https:\/\/mentara.eu\/es\/por-que-a-psicoterapia-somatica-e-uma-resposta-completa-para-o-bem-estar\/","title":{"rendered":"\u00bfPor qu\u00e9 la Psicoterapia Som\u00e1tica es una respuesta completa al bienestar?"},"content":{"rendered":"<style>.elementor-1741 .elementor-element.elementor-element-41149693{--display:flex;}.elementor-1741 .elementor-element.elementor-element-7393881 .elementor-heading-title{font-family:\"Mansure\", Sans-serif;font-size:25px;color:var( --e-global-color-accent );}.elementor-1741 .elementor-element.elementor-element-d112964 .elementor-icon-box-wrapper{align-items:center;gap:40px;}.elementor-1741 .elementor-element.elementor-element-d112964 .elementor-icon-box-icon{margin-top:0px;}.elementor-1741 .elementor-element.elementor-element-d112964 .elementor-icon-box-title{margin-bottom:0px;margin-top:0;color:var( --e-global-color-primary );}.elementor-1741 .elementor-element.elementor-element-d112964 .elementor-image-box-title{margin-bottom:0px;margin-top:0;}.elementor-1741 .elementor-element.elementor-element-d112964.elementor-view-stacked .elementor-icon{background-color:var( --e-global-color-accent );}.elementor-1741 .elementor-element.elementor-element-d112964.elementor-view-framed .elementor-icon, .elementor-1741 .elementor-element.elementor-element-d112964.elementor-view-default .elementor-icon{fill:var( --e-global-color-accent );color:var( --e-global-color-accent );border-color:var( --e-global-color-accent );}.elementor-1741 .elementor-element.elementor-element-d112964 .elementor-icon{font-size:50px;}.elementor-1741 .elementor-element.elementor-element-d112964 .elementor-icon-box-title, .elementor-1741 .elementor-element.elementor-element-d112964 .elementor-icon-box-title a{font-style:italic;}.elementor-1741 .elementor-element.elementor-element-d112964 .elementor-icon-box-description{font-style:italic;color:var( --e-global-color-primary );}.elementor-1741 .elementor-element.elementor-element-d112964 > .elementor-widget-container{margin:0px 0px 15px 0px;padding:50px 50px 50px 50px;border-style:solid;border-width:0px 0px 0px 0px;border-color:var( --e-global-color-accent );}.elementor-1741 .elementor-element.elementor-element-97f2651 .elementor-heading-title{font-family:\"Mansure\", Sans-serif;font-size:25px;color:var( --e-global-color-accent );}.elementor-1741 .elementor-element.elementor-element-231d489 .elementor-heading-title{font-family:\"Mansure\", Sans-serif;font-size:25px;color:var( --e-global-color-accent );}.elementor-1741 .elementor-element.elementor-element-1a7fe6b .elementor-heading-title{font-family:\"Mansure\", Sans-serif;font-size:25px;color:var( --e-global-color-accent );}.elementor-1741 .elementor-element.elementor-element-03c2ff5 .elementor-heading-title{font-family:\"Mansure\", Sans-serif;font-size:25px;color:var( --e-global-color-accent );}@media(max-width:767px){.elementor-1741 .elementor-element.elementor-element-d112964 .elementor-icon-box-wrapper{gap:15px;}.elementor-1741 .elementor-element.elementor-element-d112964 > .elementor-widget-container{padding:30px 30px 30px 30px;}}\/* Start Custom Fonts CSS *\/@font-face {\n\tfont-family: 'Mansure';\n\tfont-style: normal;\n\tfont-weight: normal;\n\tfont-display: auto;\n\tsrc: url('https:\/\/mentara.eu\/wp-content\/uploads\/2024\/12\/Mansure-Regular.ttf') format('truetype');\n}\n@font-face {\n\tfont-family: 'Mansure';\n\tfont-style: italic;\n\tfont-weight: normal;\n\tfont-display: auto;\n\tsrc: url('https:\/\/mentara.eu\/wp-content\/uploads\/2024\/12\/Mansure-Oblique.ttf') format('truetype');\n}\n\/* End Custom Fonts CSS *\/<\/style>\t\t<div data-elementor-type=\"wp-post\" data-elementor-id=\"1741\" class=\"elementor elementor-1741\" data-elementor-post-type=\"post\">\n\t\t\t\t<div class=\"elementor-element elementor-element-41149693 e-flex e-con-boxed e-con e-parent\" data-id=\"41149693\" data-element_type=\"container\" data-e-type=\"container\">\n\t\t\t\t\t<div class=\"e-con-inner\">\n\t\t\t\t<div class=\"elementor-element elementor-element-e7cbae4 elementor-widget elementor-widget-text-editor\" data-id=\"e7cbae4\" data-element_type=\"widget\" data-e-type=\"widget\" data-widget_type=\"text-editor.default\">\n\t\t\t\t<div class=\"elementor-widget-container\">\n\t\t\t\t\t\t\t\t\t\n<p class=\"p1\">La psicoterapia ha evolucionado a lo largo de los a\u00f1os, integrando enfoques que consideran no s\u00f3lo la mente, sino tambi\u00e9n el cuerpo como parte fundamental del proceso de curaci\u00f3n. Entre estos enfoques, el <b>psicoterapia som\u00e1tica<\/b> se destaca como una respuesta completa para lograr el bienestar integral. Pero \u00bfqu\u00e9 hace que este enfoque sea tan efectivo? Descubra c\u00f3mo la psicoterapia som\u00e1tica une mente y cuerpo para promover transformaciones profundas y duraderas.<\/p>\n\t\t\t\t\t\t\t\t<\/div>\n\t\t\t\t<\/div>\n\t\t\t\t<div class=\"elementor-element elementor-element-7393881 elementor-widget elementor-widget-heading\" data-id=\"7393881\" data-element_type=\"widget\" data-e-type=\"widget\" data-widget_type=\"heading.default\">\n\t\t\t\t<div class=\"elementor-widget-container\">\n\t\t\t\t\t<h2 class=\"elementor-heading-title elementor-size-default\">\u00bfQu\u00e9 es la psicoterapia som\u00e1tica?\n<\/h2>\t\t\t\t<\/div>\n\t\t\t\t<\/div>\n\t\t\t\t<div class=\"elementor-element elementor-element-1ba161b elementor-widget elementor-widget-text-editor\" data-id=\"1ba161b\" data-element_type=\"widget\" data-e-type=\"widget\" data-widget_type=\"text-editor.default\">\n\t\t\t\t<div class=\"elementor-widget-container\">\n\t\t\t\t\t\t\t\t\t\n<p class=\"p1\">La psicoterapia som\u00e1tica es un enfoque terap\u00e9utico que reconoce al cuerpo como parte activa y esencial del procesamiento emocional. Mientras que las terapias tradicionales tienden a centrarse en los pensamientos y sentimientos, la psicoterapia som\u00e1tica explora la conexi\u00f3n entre el cuerpo y la mente, entendiendo que las experiencias traum\u00e1ticas y emocionales a menudo se almacenan en el cuerpo.<\/p>\n\t\t\t\t\t\t\t\t<\/div>\n\t\t\t\t<\/div>\n\t\t\t\t<div class=\"elementor-element elementor-element-d112964 elementor-position-inline-start elementor-view-default elementor-mobile-position-block-start elementor-widget elementor-widget-icon-box\" data-id=\"d112964\" data-element_type=\"widget\" data-e-type=\"widget\" data-widget_type=\"icon-box.default\">\n\t\t\t\t<div class=\"elementor-widget-container\">\n\t\t\t\t\t\t\t<div class=\"elementor-icon-box-wrapper\">\n\n\t\t\t\t\t\t<div class=\"elementor-icon-box-icon\">\n\t\t\t\t<span  class=\"elementor-icon\">\n\t\t\t\t<i aria-hidden=\"true\" class=\"icon icon-testimonial-quote\"><\/i>\t\t\t\t<\/span>\n\t\t\t<\/div>\n\t\t\t\n\t\t\t\t\t\t<div class=\"elementor-icon-box-content\">\n\n\t\t\t\t\n\t\t\t\t\t\t\t\t\t<p class=\"elementor-icon-box-description\">\n\t\t\t\t\t\t\u00bfAlguna vez has sentido un \u201cpeso sobre los hombros\u201d en momentos de estr\u00e9s o un nudo en la garganta al intentar no llorar? Estas sensaciones f\u00edsicas son manifestaciones de emociones que el cuerpo est\u00e1 procesando. La psicoterapia som\u00e1tica ayuda a identificar, comprender y liberar estas tensiones de forma consciente.\t\t\t\t\t<\/p>\n\t\t\t\t\n\t\t\t<\/div>\n\t\t\t\n\t\t<\/div>\n\t\t\t\t\t\t<\/div>\n\t\t\t\t<\/div>\n\t\t\t\t<div class=\"elementor-element elementor-element-97f2651 elementor-widget elementor-widget-heading\" data-id=\"97f2651\" data-element_type=\"widget\" data-e-type=\"widget\" data-widget_type=\"heading.default\">\n\t\t\t\t<div class=\"elementor-widget-container\">\n\t\t\t\t\t<h2 class=\"elementor-heading-title elementor-size-default\">La importancia del cuerpo en el bienestar emocional\n<\/h2>\t\t\t\t<\/div>\n\t\t\t\t<\/div>\n\t\t\t\t<div class=\"elementor-element elementor-element-e37461c elementor-widget elementor-widget-text-editor\" data-id=\"e37461c\" data-element_type=\"widget\" data-e-type=\"widget\" data-widget_type=\"text-editor.default\">\n\t\t\t\t<div class=\"elementor-widget-container\">\n\t\t\t\t\t\t\t\t\t\n<p class=\"p1\">El cuerpo y la mente no trabajan de forma aislada. Emociones como la ansiedad, la tristeza o la ira tienen efectos f\u00edsicos: dolores musculares, fatiga, palpitaciones, entre otros. Los estudios demuestran que el cuerpo no s\u00f3lo siente emociones, sino que tambi\u00e9n las almacena. Los traumas, por ejemplo, pueden permanecer almacenados en el sistema nervioso, manifest\u00e1ndose como tensi\u00f3n o malestar f\u00edsico, incluso cuando no hay recuerdo consciente del acontecimiento.<\/p>\n<p>\u00a0<\/p>\n<p class=\"p1\">En la psicoterapia som\u00e1tica, el cuerpo es visto como un \u201carchivo\u201d de experiencias vividas. A trav\u00e9s de t\u00e9cnicas que incluyen <b>respiraci\u00f3n consciente<\/b>, <b>movimiento corporal<\/b> y <b>consciencia<\/b>Es posible desbloquear estos recuerdos y promover la liberaci\u00f3n emocional.<\/p>\n\t\t\t\t\t\t\t\t<\/div>\n\t\t\t\t<\/div>\n\t\t\t\t<div class=\"elementor-element elementor-element-231d489 elementor-widget elementor-widget-heading\" data-id=\"231d489\" data-element_type=\"widget\" data-e-type=\"widget\" data-widget_type=\"heading.default\">\n\t\t\t\t<div class=\"elementor-widget-container\">\n\t\t\t\t\t<h2 class=\"elementor-heading-title elementor-size-default\">\u00bfPor qu\u00e9 la psicoterapia som\u00e1tica es una respuesta completa?\n<\/h2>\t\t\t\t<\/div>\n\t\t\t\t<\/div>\n\t\t\t\t<div class=\"elementor-element elementor-element-1527bd0 elementor-widget elementor-widget-text-editor\" data-id=\"1527bd0\" data-element_type=\"widget\" data-e-type=\"widget\" data-widget_type=\"text-editor.default\">\n\t\t\t\t<div class=\"elementor-widget-container\">\n\t\t\t\t\t\t\t\t\t\n<p class=\"p1\"><b>1. Enfoque integrador<\/b><b><\/b><\/p>\n<p class=\"p3\">La psicoterapia som\u00e1tica aborda al ser humano de forma hol\u00edstica, considerando aspectos mentales, emocionales y f\u00edsicos. Esto permite que la terapia vaya m\u00e1s all\u00e1 de la conversaci\u00f3n, creando espacio para que el cuerpo tambi\u00e9n participe en la curaci\u00f3n.<\/p>\n<p>\u00a0<\/p>\n<p class=\"p1\"><b>2. Alivio de los s\u00edntomas f\u00edsicos y emocionales.<\/b><b><\/b><\/p>\n<p class=\"p3\">Problemas como la ansiedad, el estr\u00e9s cr\u00f3nico e incluso el dolor f\u00edsico suelen tener una ra\u00edz emocional. La psicoterapia som\u00e1tica trabaja sobre el origen de estos s\u00edntomas, permitiendo una mejor\u00eda global.<\/p>\n<p>\u00a0<\/p>\n<p class=\"p1\"><b>3. Resultados transformadores<\/b><b><\/b><\/p>\n<p class=\"p3\">Al integrar cuerpo y mente, esta terapia ofrece herramientas pr\u00e1cticas que ayudan a desarrollar resiliencia emocional, aliviar la tensi\u00f3n f\u00edsica y promover una mayor conciencia corporal. Esto produce un sentimiento de bienestar profundo y duradero.<\/p>\n<p>\u00a0<\/p>\n<p class=\"p1\"><b>4. Personalizaci\u00f3n<\/b><b><\/b><\/p>\n<p class=\"p3\">Cada persona es \u00fanica y tambi\u00e9n lo son sus desaf\u00edos emocionales. La psicoterapia som\u00e1tica se adapta a las necesidades espec\u00edficas de cada individuo, garantizando que el enfoque sea siempre personalizado.<\/p>\n\t\t\t\t\t\t\t\t<\/div>\n\t\t\t\t<\/div>\n\t\t\t\t<div class=\"elementor-element elementor-element-1a7fe6b elementor-widget elementor-widget-heading\" data-id=\"1a7fe6b\" data-element_type=\"widget\" data-e-type=\"widget\" data-widget_type=\"heading.default\">\n\t\t\t\t<div class=\"elementor-widget-container\">\n\t\t\t\t\t<h2 class=\"elementor-heading-title elementor-size-default\">\u00bfQu\u00e9 esperar de una sesi\u00f3n de psicoterapia som\u00e1tica?\n<\/h2>\t\t\t\t<\/div>\n\t\t\t\t<\/div>\n\t\t\t\t<div class=\"elementor-element elementor-element-61b84bd elementor-widget elementor-widget-text-editor\" data-id=\"61b84bd\" data-element_type=\"widget\" data-e-type=\"widget\" data-widget_type=\"text-editor.default\">\n\t\t\t\t<div class=\"elementor-widget-container\">\n\t\t\t\t\t\t\t\t\t\n<p class=\"p1\">\u2022 <b>Exploraci\u00f3n verbal:<\/b> Comienza con una conversaci\u00f3n para identificar desaf\u00edos emocionales y f\u00edsicos.<\/p>\n<p>\u00a0<\/p>\n<p class=\"p1\">\u2022 <b>Conexi\u00f3n corporal:<\/b> El terapeuta puede guiar al paciente a trav\u00e9s de ejercicios de respiraci\u00f3n, movimientos suaves o visualizaciones para ayudar a identificar tensiones o emociones almacenadas en el cuerpo.<\/p>\n<p>\u00a0<\/p>\n<p class=\"p1\">\u2022 <b>Transformaci\u00f3n emocional:<\/b> A medida que se exploran las sensaciones f\u00edsicas, las emociones reprimidas se vuelven m\u00e1s accesibles, lo que permite la liberaci\u00f3n y la curaci\u00f3n.<\/p>\n\t\t\t\t\t\t\t\t<\/div>\n\t\t\t\t<\/div>\n\t\t\t\t<div class=\"elementor-element elementor-element-03c2ff5 elementor-widget elementor-widget-heading\" data-id=\"03c2ff5\" data-element_type=\"widget\" data-e-type=\"widget\" data-widget_type=\"heading.default\">\n\t\t\t\t<div class=\"elementor-widget-container\">\n\t\t\t\t\t<h2 class=\"elementor-heading-title elementor-size-default\">Resultados reales: Historias de transformaci\u00f3n\n<\/h2>\t\t\t\t<\/div>\n\t\t\t\t<\/div>\n\t\t\t\t<div class=\"elementor-element elementor-element-c768dc8 elementor-widget elementor-widget-text-editor\" data-id=\"c768dc8\" data-element_type=\"widget\" data-e-type=\"widget\" data-widget_type=\"text-editor.default\">\n\t\t\t\t<div class=\"elementor-widget-container\">\n\t\t\t\t\t\t\t\t\t\n<p class=\"p1\">Muchas personas informan que se sienten m\u00e1s ligeras, m\u00e1s equilibradas y m\u00e1s conectadas consigo mismas despu\u00e9s de algunas sesiones. Un caso com\u00fan es el alivio del dolor cr\u00f3nico sin explicaci\u00f3n m\u00e9dica, cuando se trabajan tensiones emocionales a trav\u00e9s del cuerpo.<\/p>\n<p>\u00a0<\/p>\n<p class=\"p1\">La psicoterapia som\u00e1tica se destaca como una respuesta integral al bienestar porque reconoce que la curaci\u00f3n emocional y f\u00edsica no pueden separarse. Al integrar la mente y el cuerpo, este enfoque promueve un equilibrio profundo, ayud\u00e1ndole a vivir de manera m\u00e1s consciente y plena.<\/p>\n<p>\u00a0<\/p>\n<p class=\"p1\">Si est\u00e1 buscando una manera de cuidarse de manera integral, considere probar la psicoterapia som\u00e1tica. Reserva ahora una cita con uno de nuestros especialistas y comienza tu viaje hacia el bienestar completo.<\/p>\n\t\t\t\t\t\t\t\t<\/div>\n\t\t\t\t<\/div>\n\t\t\t\t\t<\/div>\n\t\t\t\t<\/div>\n\t\t\t\t<\/div>","protected":false},"excerpt":{"rendered":"<p>A psicoterapia tem evolu\u00eddo ao longo dos anos, integrando abordagens que consideram n\u00e3o apenas a mente, mas tamb\u00e9m o corpo como parte fundamental do processo de cura. Entre essas abordagens, a psicoterapia som\u00e1tica destaca-se como uma resposta completa para alcan\u00e7ar um bem-estar integral. Mas o que torna esta abordagem t\u00e3o eficaz? Descubra como a psicoterapia [&hellip;]<\/p>\n","protected":false},"author":1,"featured_media":8996,"comment_status":"open","ping_status":"open","sticky":false,"template":"","format":"standard","meta":{"_acf_changed":false,"footnotes":""},"categories":[1],"tags":[],"class_list":["post-1741","post","type-post","status-publish","format-standard","has-post-thumbnail","hentry","category-psicoterapia-somatica"],"acf":[],"_links":{"self":[{"href":"https:\/\/mentara.eu\/es\/wp-json\/wp\/v2\/posts\/1741","targetHints":{"allow":["GET"]}}],"collection":[{"href":"https:\/\/mentara.eu\/es\/wp-json\/wp\/v2\/posts"}],"about":[{"href":"https:\/\/mentara.eu\/es\/wp-json\/wp\/v2\/types\/post"}],"author":[{"embeddable":true,"href":"https:\/\/mentara.eu\/es\/wp-json\/wp\/v2\/users\/1"}],"replies":[{"embeddable":true,"href":"https:\/\/mentara.eu\/es\/wp-json\/wp\/v2\/comments?post=1741"}],"version-history":[{"count":0,"href":"https:\/\/mentara.eu\/es\/wp-json\/wp\/v2\/posts\/1741\/revisions"}],"wp:featuredmedia":[{"embeddable":true,"href":"https:\/\/mentara.eu\/es\/wp-json\/wp\/v2\/media\/8996"}],"wp:attachment":[{"href":"https:\/\/mentara.eu\/es\/wp-json\/wp\/v2\/media?parent=1741"}],"wp:term":[{"taxonomy":"category","embeddable":true,"href":"https:\/\/mentara.eu\/es\/wp-json\/wp\/v2\/categories?post=1741"},{"taxonomy":"post_tag","embeddable":true,"href":"https:\/\/mentara.eu\/es\/wp-json\/wp\/v2\/tags?post=1741"}],"curies":[{"name":"gracias","href":"https:\/\/api.w.org\/{rel}","templated":true}]}}