{"id":17514,"date":"2025-11-10T17:12:45","date_gmt":"2025-11-10T17:12:45","guid":{"rendered":"https:\/\/mentara.eu\/?p=17514"},"modified":"2025-11-10T17:14:49","modified_gmt":"2025-11-10T17:14:49","slug":"um-encontro-de-coracao-na-nova-casa-da-mentara","status":"publish","type":"post","link":"https:\/\/mentara.eu\/es\/um-encontro-de-coracao-na-nova-casa-da-mentara\/","title":{"rendered":"Una emotiva reuni\u00f3n en el nuevo hogar de Mentara."},"content":{"rendered":"<p>En aquellos d\u00edas <strong>7, 8 y 9 de noviembre de 2025<\/strong>, Experimentamos el <strong>11\u00aa Reuni\u00f3n Institucional de Mentara<\/strong>, Un fin de semana lleno de momentos para compartir, reflexionar y reencontrarse, que quedar\u00e1 grabado en la historia de nuestra comunidad.<\/p>\n\n\n\n<p>Por primera vez, la reuni\u00f3n tuvo lugar en <strong>Las nuevas instalaciones de Mentara<\/strong>, en Lisboa \u2014 un espacio que simboliza no solo el crecimiento f\u00edsico, sino tambi\u00e9n <strong>un nuevo ciclo de presencia, conexi\u00f3n y desarrollo humano<\/strong>.<\/p>\n\n\n\n<p>El programa de este a\u00f1o fue dise\u00f1ado para proporcionar <strong>momentos de aprendizaje m\u00e1s \u00edntimos y humanistas<\/strong>, Con conferencias y talleres en dos salas paralelas, se re\u00fanen profesores, estudiantes, psicoterapeutas y todo el equipo en un ambiente de escucha y conexi\u00f3n.<\/p>\n\n\n\n<p>Uno de los momentos m\u00e1s memorables fue... <strong>Inauguraci\u00f3n oficial de las nuevas instalaciones<\/strong>, celebrado con el <strong>corte de cinta tradicional<\/strong>, un s\u00edmbolo que marca el comienzo de un nuevo cap\u00edtulo en el viaje de Mentara.<\/p>\n\n\n\n<p>Un gesto sencillo pero profundamente simb\u00f3lico que representa un compromiso continuo con... <strong>crecimiento, cuidado y conexi\u00f3n humana<\/strong> que han apoyado nuestro proyecto desde el principio.<\/p>\n\n\n\n<p>Fueron tres d\u00edas de <strong>inspiraci\u00f3n, afecto y presencia<\/strong>, lo cual reforz\u00f3 la esencia de Mentara \u2014 <strong>Un espacio donde el aprendizaje y el cuidado van de la mano.<\/strong>.<\/p>\n\n\n\n<p>Con el coraz\u00f3n lleno, avanzamos juntos en esta nueva etapa, con la misma misi\u00f3n de siempre: <strong>Promover el desarrollo personal y el bienestar emocional con humanidad, \u00e9tica y escucha activa.<\/strong><\/p>\n\n\n\n<figure class=\"wp-block-gallery has-nested-images columns-default is-cropped wp-block-gallery-1 is-layout-flex wp-block-gallery-is-layout-flex\">\n<figure class=\"wp-block-image size-large\"><a href=\"https:\/\/mentara.eu\/wp-content\/uploads\/2025\/11\/11.encontro-1.webp\"><img fetchpriority=\"high\" decoding=\"async\" width=\"819\" height=\"1024\" data-id=\"17517\" src=\"https:\/\/mentara.eu\/wp-content\/uploads\/2025\/11\/11.encontro-1-819x1024.webp\" alt=\"\" class=\"wp-image-17517\" srcset=\"https:\/\/mentara.eu\/wp-content\/uploads\/2025\/11\/11.encontro-1-819x1024.webp 819w, https:\/\/mentara.eu\/wp-content\/uploads\/2025\/11\/11.encontro-1-240x300.webp 240w, https:\/\/mentara.eu\/wp-content\/uploads\/2025\/11\/11.encontro-1-768x960.webp 768w, https:\/\/mentara.eu\/wp-content\/uploads\/2025\/11\/11.encontro-1-10x12.webp 10w, https:\/\/mentara.eu\/wp-content\/uploads\/2025\/11\/11.encontro-1-600x750.webp 600w, https:\/\/mentara.eu\/wp-content\/uploads\/2025\/11\/11.encontro-1.webp 1080w\" sizes=\"(max-width: 819px) 100vw, 819px\" \/><\/a><\/figure>\n\n\n\n<figure class=\"wp-block-image size-large\"><a href=\"https:\/\/mentara.eu\/wp-content\/uploads\/2025\/11\/11.encontro-2.webp\"><img decoding=\"async\" width=\"819\" height=\"1024\" data-id=\"17518\" src=\"https:\/\/mentara.eu\/wp-content\/uploads\/2025\/11\/11.encontro-2-819x1024.webp\" alt=\"\" class=\"wp-image-17518\" srcset=\"https:\/\/mentara.eu\/wp-content\/uploads\/2025\/11\/11.encontro-2-819x1024.webp 819w, https:\/\/mentara.eu\/wp-content\/uploads\/2025\/11\/11.encontro-2-240x300.webp 240w, https:\/\/mentara.eu\/wp-content\/uploads\/2025\/11\/11.encontro-2-768x960.webp 768w, https:\/\/mentara.eu\/wp-content\/uploads\/2025\/11\/11.encontro-2-10x12.webp 10w, https:\/\/mentara.eu\/wp-content\/uploads\/2025\/11\/11.encontro-2-600x750.webp 600w, https:\/\/mentara.eu\/wp-content\/uploads\/2025\/11\/11.encontro-2.webp 1080w\" sizes=\"(max-width: 819px) 100vw, 819px\" \/><\/a><\/figure>\n\n\n\n<figure class=\"wp-block-image size-large\"><a href=\"https:\/\/mentara.eu\/wp-content\/uploads\/2025\/11\/11.encontro-3.webp\"><img decoding=\"async\" width=\"819\" height=\"1024\" data-id=\"17519\" src=\"https:\/\/mentara.eu\/wp-content\/uploads\/2025\/11\/11.encontro-3-819x1024.webp\" alt=\"\" class=\"wp-image-17519\" srcset=\"https:\/\/mentara.eu\/wp-content\/uploads\/2025\/11\/11.encontro-3-819x1024.webp 819w, https:\/\/mentara.eu\/wp-content\/uploads\/2025\/11\/11.encontro-3-240x300.webp 240w, https:\/\/mentara.eu\/wp-content\/uploads\/2025\/11\/11.encontro-3-768x960.webp 768w, https:\/\/mentara.eu\/wp-content\/uploads\/2025\/11\/11.encontro-3-10x12.webp 10w, https:\/\/mentara.eu\/wp-content\/uploads\/2025\/11\/11.encontro-3-600x750.webp 600w, https:\/\/mentara.eu\/wp-content\/uploads\/2025\/11\/11.encontro-3.webp 1080w\" sizes=\"(max-width: 819px) 100vw, 819px\" \/><\/a><\/figure>\n<\/figure>\n\n\n\n<figure class=\"wp-block-gallery has-nested-images columns-default is-cropped wp-block-gallery-2 is-layout-flex wp-block-gallery-is-layout-flex\"><\/figure>\n\n\n\n<figure class=\"wp-block-gallery has-nested-images columns-default is-cropped wp-block-gallery-3 is-layout-flex wp-block-gallery-is-layout-flex\">\n<figure class=\"wp-block-image size-large\"><a href=\"https:\/\/mentara.eu\/wp-content\/uploads\/2025\/11\/11.encontro-4-1.webp\"><img loading=\"lazy\" decoding=\"async\" width=\"819\" height=\"1024\" data-id=\"17525\" src=\"https:\/\/mentara.eu\/wp-content\/uploads\/2025\/11\/11.encontro-4-1-819x1024.webp\" alt=\"\" class=\"wp-image-17525\" srcset=\"https:\/\/mentara.eu\/wp-content\/uploads\/2025\/11\/11.encontro-4-1-819x1024.webp 819w, https:\/\/mentara.eu\/wp-content\/uploads\/2025\/11\/11.encontro-4-1-240x300.webp 240w, https:\/\/mentara.eu\/wp-content\/uploads\/2025\/11\/11.encontro-4-1-768x960.webp 768w, https:\/\/mentara.eu\/wp-content\/uploads\/2025\/11\/11.encontro-4-1-10x12.webp 10w, https:\/\/mentara.eu\/wp-content\/uploads\/2025\/11\/11.encontro-4-1-600x750.webp 600w, https:\/\/mentara.eu\/wp-content\/uploads\/2025\/11\/11.encontro-4-1.webp 1080w\" sizes=\"(max-width: 819px) 100vw, 819px\" \/><\/a><\/figure>\n\n\n\n<figure class=\"wp-block-image size-large\"><a href=\"https:\/\/mentara.eu\/wp-content\/uploads\/2025\/11\/11.encontro-6.webp\"><img loading=\"lazy\" decoding=\"async\" width=\"819\" height=\"1024\" data-id=\"17523\" src=\"https:\/\/mentara.eu\/wp-content\/uploads\/2025\/11\/11.encontro-6-819x1024.webp\" alt=\"\" class=\"wp-image-17523\" srcset=\"https:\/\/mentara.eu\/wp-content\/uploads\/2025\/11\/11.encontro-6-819x1024.webp 819w, https:\/\/mentara.eu\/wp-content\/uploads\/2025\/11\/11.encontro-6-240x300.webp 240w, https:\/\/mentara.eu\/wp-content\/uploads\/2025\/11\/11.encontro-6-768x960.webp 768w, https:\/\/mentara.eu\/wp-content\/uploads\/2025\/11\/11.encontro-6-10x12.webp 10w, https:\/\/mentara.eu\/wp-content\/uploads\/2025\/11\/11.encontro-6-600x750.webp 600w, https:\/\/mentara.eu\/wp-content\/uploads\/2025\/11\/11.encontro-6.webp 1080w\" sizes=\"(max-width: 819px) 100vw, 819px\" \/><\/a><\/figure>\n\n\n\n<figure class=\"wp-block-image size-large\"><a href=\"https:\/\/mentara.eu\/wp-content\/uploads\/2025\/11\/11.encontro-5.webp\"><img loading=\"lazy\" decoding=\"async\" width=\"819\" height=\"1024\" data-id=\"17521\" src=\"https:\/\/mentara.eu\/wp-content\/uploads\/2025\/11\/11.encontro-5-819x1024.webp\" alt=\"\" class=\"wp-image-17521\" srcset=\"https:\/\/mentara.eu\/wp-content\/uploads\/2025\/11\/11.encontro-5-819x1024.webp 819w, https:\/\/mentara.eu\/wp-content\/uploads\/2025\/11\/11.encontro-5-240x300.webp 240w, https:\/\/mentara.eu\/wp-content\/uploads\/2025\/11\/11.encontro-5-768x960.webp 768w, https:\/\/mentara.eu\/wp-content\/uploads\/2025\/11\/11.encontro-5-10x12.webp 10w, https:\/\/mentara.eu\/wp-content\/uploads\/2025\/11\/11.encontro-5-600x750.webp 600w, https:\/\/mentara.eu\/wp-content\/uploads\/2025\/11\/11.encontro-5.webp 1080w\" sizes=\"(max-width: 819px) 100vw, 819px\" \/><\/a><\/figure>\n<\/figure>","protected":false},"excerpt":{"rendered":"<p>Nos dias 7, 8 e 9 de novembro de 2025, vivenci\u00e1mos o 11.\u00ba Encontro Institucional da Mentara, um fim de semana repleto de partilha, reflex\u00e3o e reencontro, que ficar\u00e1 na hist\u00f3ria da nossa comunidade. Pela primeira vez, o encontro decorreu nas novas instala\u00e7\u00f5es da Mentara, em Lisboa \u2014 um espa\u00e7o que simboliza n\u00e3o apenas crescimento [&hellip;]<\/p>\n","protected":false},"author":1,"featured_media":17516,"comment_status":"open","ping_status":"open","sticky":false,"template":"","format":"standard","meta":{"_acf_changed":false,"footnotes":""},"categories":[1],"tags":[],"class_list":["post-17514","post","type-post","status-publish","format-standard","has-post-thumbnail","hentry","category-psicoterapia-somatica"],"acf":[],"_links":{"self":[{"href":"https:\/\/mentara.eu\/es\/wp-json\/wp\/v2\/posts\/17514","targetHints":{"allow":["GET"]}}],"collection":[{"href":"https:\/\/mentara.eu\/es\/wp-json\/wp\/v2\/posts"}],"about":[{"href":"https:\/\/mentara.eu\/es\/wp-json\/wp\/v2\/types\/post"}],"author":[{"embeddable":true,"href":"https:\/\/mentara.eu\/es\/wp-json\/wp\/v2\/users\/1"}],"replies":[{"embeddable":true,"href":"https:\/\/mentara.eu\/es\/wp-json\/wp\/v2\/comments?post=17514"}],"version-history":[{"count":0,"href":"https:\/\/mentara.eu\/es\/wp-json\/wp\/v2\/posts\/17514\/revisions"}],"wp:featuredmedia":[{"embeddable":true,"href":"https:\/\/mentara.eu\/es\/wp-json\/wp\/v2\/media\/17516"}],"wp:attachment":[{"href":"https:\/\/mentara.eu\/es\/wp-json\/wp\/v2\/media?parent=17514"}],"wp:term":[{"taxonomy":"category","embeddable":true,"href":"https:\/\/mentara.eu\/es\/wp-json\/wp\/v2\/categories?post=17514"},{"taxonomy":"post_tag","embeddable":true,"href":"https:\/\/mentara.eu\/es\/wp-json\/wp\/v2\/tags?post=17514"}],"curies":[{"name":"gracias","href":"https:\/\/api.w.org\/{rel}","templated":true}]}}