{"id":9227,"date":"2024-12-26T14:11:15","date_gmt":"2024-12-26T14:11:15","guid":{"rendered":"https:\/\/mentara.eu\/?p=9227"},"modified":"2025-04-08T15:54:03","modified_gmt":"2025-04-08T15:54:03","slug":"transforme-o-stress-em-energia-positiva-com-a-abordagem-somatica","status":"publish","type":"post","link":"https:\/\/mentara.eu\/es\/transforme-o-stress-em-energia-positiva-com-a-abordagem-somatica\/","title":{"rendered":"Transformar el estr\u00e9s en energ\u00eda positiva con el enfoque som\u00e1tico"},"content":{"rendered":"<p>El estr\u00e9s es una parte inevitable de la vida moderna. Sin embargo, en lugar de ser simplemente un villano, el estr\u00e9s puede convertirse en una fuente de energ\u00eda positiva cuando se aborda correctamente. Aqu\u00ed es donde el <b>psicoterapia som\u00e1tica<\/b>, un enfoque que ayuda a transformar la sobrecarga emocional en fuerza y equilibrio. Descubre c\u00f3mo utilizar tu cuerpo para gestionar el estr\u00e9s y convertirlo en energ\u00eda que impulse tu vida.<\/p><p><\/p>\t\t\n\t\t\t\t\t<h2>El estr\u00e9s: un mecanismo de supervivencia poco comprendido\n<\/h2>\t\t\t\t\n\t\t<p>El estr\u00e9s es la respuesta natural del cuerpo a situaciones dif\u00edciles. Activa nuestro sistema nervioso, prepar\u00e1ndonos para actuar: luchar, huir o, en algunos casos, quedarnos paralizados. Sin embargo, cuando el estr\u00e9s se vuelve cr\u00f3nico o mal gestionado, comienza a afectar negativamente nuestra salud f\u00edsica y mental.<\/p>\t\t\n\t\t\t\t\t<h2>C\u00f3mo se manifiesta el estr\u00e9s en el cuerpo:\n<\/h2>\t\t\t\t\n\t\t<p>El estr\u00e9s es la respuesta natural del cuerpo a situaciones dif\u00edciles. Activa nuestro sistema nervioso, prepar\u00e1ndonos para actuar: luchar, huir o, en algunos casos, quedarnos paralizados. Sin embargo, cuando el estr\u00e9s se vuelve cr\u00f3nico o mal gestionado, comienza a afectar negativamente nuestra salud f\u00edsica y mental.<\/p>\t\t\n\t\t\t\t\t\t\t<ul>\n\t\t\t\t\t\t\t<li>\n\t\t\t\t\t\t\t\t\t\tTensi\u00f3n muscular (especialmente en el cuello y los hombros).\n\t\t\t\t\t\t\t\t\t<\/li>\n\t\t\t\t\t\t\t\t<li>\n\t\t\t\t\t\t\t\t\t\tLatidos card\u00edacos r\u00e1pidos.\n\t\t\t\t\t\t\t\t\t<\/li>\n\t\t\t\t\t\t\t\t<li>\n\t\t\t\t\t\t\t\t\t\tRespiraci\u00f3n corta o superficial.\n\t\t\t\t\t\t\t\t\t<\/li>\n\t\t\t\t\t\t\t\t<li>\n\t\t\t\t\t\t\t\t\t\tFatiga persistente.\n\t\t\t\t\t\t\t\t\t<\/li>\n\t\t\t\t\t\t\t\t<li>\n\t\t\t\t\t\t\t\t\t\tProblemas digestivos e inmunol\u00f3gicos.\n\t\t\t\t\t\t\t\t\t<\/li>\n\t\t\t\t\t\t<\/ul>\n\t\t<p>Aunque el estr\u00e9s pueda parecer algo negativo, conlleva una enorme cantidad de energ\u00eda que, si se canaliza correctamente, puede utilizarse para mejorar el rendimiento, aumentar la creatividad y fortalecer la resiliencia.<\/p>\t\t\n\t\t\t\t\t<h2>\u00bfC\u00f3mo transforma el enfoque som\u00e1tico el estr\u00e9s?\n<\/h2>\t\t\t\t\n\t\t<p>EL <b>psicoterapia som\u00e1tica<\/b> Nos ense\u00f1a a reconocer y utilizar las se\u00f1ales del cuerpo para transformar el estr\u00e9s en energ\u00eda positiva. En lugar de ignorar o reprimir estos sentimientos, aprendemos a explorarlos, liberarlos y canalizarlos para nuestro beneficio.<\/p>\t\t\n\t\t\t\t\t<h2>Pasos de la transformaci\u00f3n som\u00e1tica:\n<\/h2>\t\t\t\t\n\t\t\t\t\t\t\t<ul>\n\t\t\t\t\t\t\t<li>\n\t\t\t\t\t\t\t\t\t\t<b>Reconocer el estr\u00e9s en el cuerpo: <\/b>El primer paso es aprender a identificar d\u00f3nde se almacena el estr\u00e9s. Podr\u00eda ser tensi\u00f3n en los hombros, una sensaci\u00f3n de opresi\u00f3n en el pecho o incluso problemas digestivos.\n\t\t\t\t\t\t\t\t\t<\/li>\n\t\t\t\t\t\t\t\t<li>\n\t\t\t\t\t\t\t\t\t\t<b>Respiraci\u00f3n consciente: <\/b>La respiraci\u00f3n es una herramienta poderosa para regular el sistema nervioso. T\u00e9cnicas como la respiraci\u00f3n diafragm\u00e1tica profunda ayudan a calmar el cuerpo y transformar el estr\u00e9s en una sensaci\u00f3n de control.\n\t\t\t\t\t\t\t\t\t<\/li>\n\t\t\t\t\t\t\t\t<li>\n\t\t\t\t\t\t\t\t\t\t<b>Movimiento intencional:<\/b> Movimientos corporales simples, como estiramientos suaves, pueden ayudar a liberar la energ\u00eda acumulada por el estr\u00e9s, permitiendo redirigirla.\n\t\t\t\t\t\t\t\t\t<\/li>\n\t\t\t\t\t\t\t\t<li>\n\t\t\t\t\t\t\t\t\t\t<b>Reconectando con las emociones<\/b> Al prestar atenci\u00f3n a las sensaciones corporales, el enfoque som\u00e1tico ayuda a identificar las emociones subyacentes al estr\u00e9s, permitiendo procesarlas de manera saludable.\n\t\t\t\t\t\t\t\t\t<\/li>\n\t\t\t\t\t\t<\/ul>\n\t\t\t\t\t<h2>El impacto del estr\u00e9s transformado\n<\/h2>\t\t\t\t\n\t\t<p>Cuando el estr\u00e9s se transforma en energ\u00eda positiva, los resultados son impresionantes. Las personas que adoptan el enfoque som\u00e1tico informan:<\/p><p>\u00a0<\/p><p>\u2022<b>Mayor claridad mental:<\/b> Menos distracciones y mayor concentraci\u00f3n.<\/p><p>\u00a0<\/p><p>\u2022<b>M\u00e1s energ\u00eda f\u00edsica:<\/b> El cuerpo libera tensiones, mejorando el rendimiento en las actividades diarias.<\/p><p>\u00a0<\/p><p>\u2022<b>Resiliencia emocional:<\/b> Una mayor capacidad para afrontar los desaf\u00edos.<\/p><p>\u00a0<\/p><p>\u2022<b>Mejor salud f\u00edsica:<\/b> Reduce el dolor, mejora el sue\u00f1o y fortalece el sistema inmunol\u00f3gico.<\/p><p>\u00a0<\/p>\t\t\n\t\t\t\t\t<h2>T\u00e9cnicas som\u00e1ticas que puedes probar ahora\n<\/h2>\t\t\t\t\n\t\t<p>1.<b>Respiraci\u00f3n 4-7-8:<\/b><b><\/b><\/p><ul><li>Respira por la nariz durante 4 segundos.<\/li><li>Aguanta la respiraci\u00f3n durante 7 segundos.<\/li><li>Exhala lentamente por la boca durante 8 segundos.<\/li><li>Repita 3-4 veces para calmar el sistema nervioso.<\/li><\/ul><p>\u00a0<\/p><p>2.<b>Escaneo corporal:<\/b><b><\/b><\/p><ul><li>Cierra los ojos y dirige tu atenci\u00f3n a cada parte de tu cuerpo, empezando por los pies y subiendo hasta la cabeza.<\/li><li>Identifica \u00e1reas de tensi\u00f3n y lib\u00e9ralas a trav\u00e9s de la respiraci\u00f3n.<\/li><\/ul><p>\u00a0<\/p><p>3.<b>Movimiento intuitivo:<\/b><b><\/b><\/p><ul><li>T\u00f3mate 5 minutos para mover tu cuerpo libremente, haciendo lo que sientes que necesitas hacer: estirar los brazos, rotar los hombros, balancear el torso. Este movimiento libera la energ\u00eda acumulada.<\/li><\/ul><p>\u00a0<\/p><p>El estr\u00e9s no tiene por qu\u00e9 verse como algo negativo. A trav\u00e9s de la psicoterapia som\u00e1tica, es posible transformar el estr\u00e9s en una fuente de energ\u00eda positiva, utilizando el cuerpo como aliado en el proceso. Este m\u00e9todo ayuda a liberar tensiones, encontrar el equilibrio y vivir m\u00e1s plenamente.<\/p><!-- \/wp:post-content -->","protected":false},"excerpt":{"rendered":"<p>O stress \u00e9 uma parte inevit\u00e1vel da vida moderna. Contudo, em vez de ser apenas um vil\u00e3o, o stress pode tornar-se uma fonte de energia positiva quando abordado corretamente. \u00c9 aqui que entra a psicoterapia som\u00e1tica, uma abordagem que ajuda a transformar a sobrecarga emocional em for\u00e7a e equil\u00edbrio. Descubra como utilizar o seu corpo [&hellip;]<\/p>\n","protected":false},"author":1,"featured_media":8997,"comment_status":"open","ping_status":"open","sticky":false,"template":"","format":"standard","meta":{"_acf_changed":false,"footnotes":""},"categories":[1],"tags":[],"class_list":["post-9227","post","type-post","status-publish","format-standard","has-post-thumbnail","hentry","category-psicoterapia-somatica"],"acf":[],"_links":{"self":[{"href":"https:\/\/mentara.eu\/es\/wp-json\/wp\/v2\/posts\/9227","targetHints":{"allow":["GET"]}}],"collection":[{"href":"https:\/\/mentara.eu\/es\/wp-json\/wp\/v2\/posts"}],"about":[{"href":"https:\/\/mentara.eu\/es\/wp-json\/wp\/v2\/types\/post"}],"author":[{"embeddable":true,"href":"https:\/\/mentara.eu\/es\/wp-json\/wp\/v2\/users\/1"}],"replies":[{"embeddable":true,"href":"https:\/\/mentara.eu\/es\/wp-json\/wp\/v2\/comments?post=9227"}],"version-history":[{"count":0,"href":"https:\/\/mentara.eu\/es\/wp-json\/wp\/v2\/posts\/9227\/revisions"}],"wp:featuredmedia":[{"embeddable":true,"href":"https:\/\/mentara.eu\/es\/wp-json\/wp\/v2\/media\/8997"}],"wp:attachment":[{"href":"https:\/\/mentara.eu\/es\/wp-json\/wp\/v2\/media?parent=9227"}],"wp:term":[{"taxonomy":"category","embeddable":true,"href":"https:\/\/mentara.eu\/es\/wp-json\/wp\/v2\/categories?post=9227"},{"taxonomy":"post_tag","embeddable":true,"href":"https:\/\/mentara.eu\/es\/wp-json\/wp\/v2\/tags?post=9227"}],"curies":[{"name":"gracias","href":"https:\/\/api.w.org\/{rel}","templated":true}]}}